{"provider_url": "https://www.upanema.rn.leg.br", "title": "M\u00eas da Mulher", "html": "<p><span>As a\u00e7\u00f5es buscam informar a popula\u00e7\u00e3o, dialogar com a sociedade e refor\u00e7ar que o enfrentamento \u00e0 viol\u00eancia exige responsabilidade coletiva, atua\u00e7\u00e3o institucional e participa\u00e7\u00e3o da comunidade.</span><br /><br /><span>\ud83d\udcc5 Agenda: Primeira Semana</span><br /><br /><span>Segunda-feira | 09 de fevereiro \u2013 09h00</span><br /><span>\ud83d\udccd Visita \u00e0 feira-livre</span><br /><span>A Procuradoria Especial da Mulher realizar\u00e1 uma visita \u00e0 feira-livre para dialogar com a popula\u00e7\u00e3o e distribuir informa\u00e7\u00f5es sobre direitos das mulheres e canais de den\u00fancia.</span><br /><br /><span>Ter\u00e7a-feira | 10 de fevereiro \u2013 10h00</span><br /><span>\ud83d\udccd Palestra: Patrulha Maria da Penha</span><br /><span>Tema: Combate \u00e0 viol\u00eancia contra a mulher e tipos de medidas protetivas previstas na Lei Maria da Penha.</span><br /><span>Local: C\u00e2mara Municipal de Upanema</span><br /><span>P\u00fablico-alvo: Servidoras e servidores do Legislativo e do Executivo, al\u00e9m da sociedade civil.</span><br /><br /><span>Quarta-feira | 11 de fevereiro \u2013 14h00</span><br /><span>\ud83d\udccd Sess\u00e3o Solene</span><br /><span>Entrega do T\u00edtulo de Cidad\u00e3 Upanemense \u00e0 Promotora de Justi\u00e7a da Comarca de Upanema, Dra. Jana\u00edna de Ara\u00fajo Francisco, em reconhecimento ao trabalho desenvolvido em defesa da justi\u00e7a e da prote\u00e7\u00e3o social.</span><br /><br /><span>\ud83d\udce2 Convite \u00e0 popula\u00e7\u00e3o</span><br /><br /><span>A C\u00e2mara Municipal e a Procuradoria Especial da Mulher convidam toda a sociedade, lideran\u00e7as comunit\u00e1rias, servidores p\u00fablicos e cidad\u00e3os a participarem das atividades. Informar, discutir e agir s\u00e3o passos essenciais para enfrentar a viol\u00eancia e fortalecer a prote\u00e7\u00e3o \u00e0s mulheres.</span><br /><br /><span>As a\u00e7\u00f5es desta primeira semana fazem parte de uma agenda que seguir\u00e1 durante todo o m\u00eas. Mais do que eventos institucionais, s\u00e3o momentos de mobiliza\u00e7\u00e3o social diante de uma realidade grave que exige aten\u00e7\u00e3o permanente do poder p\u00fablico e da sociedade.</span></p>", "author_name": "", "version": "1.0", "author_url": "https://www.upanema.rn.leg.br/author/SCDFMASTER", "provider_name": "C\u00e2mara de Upanema - RN", "type": "rich"}